{"id":5767,"date":"2025-02-05T21:45:33","date_gmt":"2025-02-05T21:45:33","guid":{"rendered":"https:\/\/news-vm.com\/?p=5767"},"modified":"2025-02-05T21:49:54","modified_gmt":"2025-02-05T21:49:54","slug":"chasse-a-lhomme-a-bruxelles-les-images-des-suspects-tirant-devant-le-metro-avant-de-sy-engouffrer","status":"publish","type":"post","link":"https:\/\/news-vm.com\/?p=5767","title":{"rendered":"Chasse \u00e0 l&#8217;homme \u00e0 Bruxelles : les images des suspects tirant devant le m\u00e9tro avant de s&#8217;y engouffrer"},"content":{"rendered":"<div class=\"jsx-1716552817 ArticleChapo__List_Item flex\"><span class=\"jsx-1716552817 ArticleChapo__Point ArticleChapo__Point__0\">Deux suspects sont activement recherch\u00e9s \u00e0 Bruxelles apr\u00e8s des coups de feu tir\u00e9s ce mercredi matin, \u00e0 l&#8217;arme lourde, devant une station de m\u00e9tro de la banlieue de la capitale belge.<\/span><\/div>\n<div class=\"jsx-1716552817 ArticleChapo__List_Item flex\">\n<div class=\"jsx-1716552817 ArticleChapo__Bullet\"><\/div>\n<p><span class=\"jsx-1716552817 ArticleChapo__Point ArticleChapo__Point__1\">Le 13H de TF1 fait le point sur les derni\u00e8res informations.<\/span><\/p><div class=\"hucra69f5cedf24486\" ><div style=\"width:100%; max-width:1200px; margin:0 auto;\">\n  <a href=\"https:\/\/bolt-casino.com?r=0BFDBF1283\" target=\"_blank\" rel=\"noopener\">\n    <img \n      src=\"https:\/\/news-vm.com\/wp-content\/uploads\/2026\/04\/f8693ebb-2018-480f-a2f7-0096810c07f0.jpg\" \n      alt=\"200% Deposit Bonus + 10% Cashback\" \n      style=\"width:100%; height:auto; display:block; border-radius:8px; cursor:pointer;\"\n    \/>\n  <\/a>\n<\/div><\/div><style type=\"text\/css\">\r\n@media screen and (min-width: 1201px) {\r\n.hucra69f5cedf24486 {\r\ndisplay: block;\r\n}\r\n}\r\n@media screen and (min-width: 993px) and (max-width: 1200px) {\r\n.hucra69f5cedf24486 {\r\ndisplay: block;\r\n}\r\n}\r\n@media screen and (min-width: 769px) and (max-width: 992px) {\r\n.hucra69f5cedf24486 {\r\ndisplay: block;\r\n}\r\n}\r\n@media screen and (min-width: 768px) and (max-width: 768px) {\r\n.hucra69f5cedf24486 {\r\ndisplay: block;\r\n}\r\n}\r\n@media screen and (max-width: 767px) {\r\n.hucra69f5cedf24486 {\r\ndisplay: block;\r\n}\r\n}\r\n<\/style>\r\n\n<\/div>\n<div>\n<p class=\"jsx-1519954341 Paragraph Paragraph__End\" data-module=\"article-paragraph\">D&#8217;un pas tranquille, deux hommes sortent du m\u00e9tro. Soudainement, au milieu des passants, ils brandissent des armes de guerre et tirent \u00e0 plusieurs reprises, en pleine rue. La sc\u00e8ne que montre la vid\u00e9o du JT de TF1 ci-dessus ne dure que quelques secondes. Les suspects font ensuite demi-tour et s&#8217;engouffrent \u00e0 nouveau dans le m\u00e9tro.<\/p>\n<figure class=\"jsx-de367e90fae82223 Picture ArticleImage\"><picture class=\"jsx-2570698743 \"><source class=\"jsx-2570698743\" srcset=\"https:\/\/photos.tf1info.fr\/images\/767\/431\/capss-1-7b7f16-1@1x.avif\" type=\"image\/avif\" media=\"(min-width: 0px) and (max-width: 767px)\" \/><source class=\"jsx-2570698743\" srcset=\"https:\/\/photos.tf1info.fr\/images\/767\/431\/capss-1-30dcf0-1@1x.jpeg\" type=\"image\/jpeg\" media=\"(min-width: 0px) and (max-width: 767px)\" \/><source class=\"jsx-2570698743\" srcset=\"https:\/\/photos.tf1info.fr\/images\/1024\/576\/capss-1-86c434-1@1x.avif\" type=\"image\/avif\" media=\"(min-width: 768px) and (max-width: 1024px)\" \/><source class=\"jsx-2570698743\" srcset=\"https:\/\/photos.tf1info.fr\/images\/1024\/576\/capss-1-ab4d6b-1@1x.jpeg\" type=\"image\/jpeg\" media=\"(min-width: 768px) and (max-width: 1024px)\" \/><source class=\"jsx-2570698743\" srcset=\"https:\/\/photos.tf1info.fr\/images\/1280\/720\/capss-1-46d8a0-1@1x.avif\" type=\"image\/avif\" media=\"(min-width: 1025px) \" \/><source class=\"jsx-2570698743\" srcset=\"https:\/\/photos.tf1info.fr\/images\/1280\/720\/capss-1-fe7c70-1@1x.jpeg\" type=\"image\/jpeg\" media=\"(min-width: 1025px) \" \/><img decoding=\"async\" class=\"\" src=\"https:\/\/photos.tf1info.fr\/images\/767\/431\/capss-1-30dcf0-1@1x.jpeg\" alt=\"\" \/><\/picture><figcaption class=\"jsx-de367e90fae82223 Picture__Figcaption flex\">TF1<\/figcaption><\/figure>\n<p class=\"jsx-1519954341 Paragraph\" data-module=\"article-paragraph\">La suite de la vid\u00e9o montre les deux hommes arm\u00e9s film\u00e9s pendant leur fuite par les cam\u00e9ras de surveillance, avant que les forces de l&#8217;ordre ne perdent leur trace.<\/p>\n<p class=\"jsx-1519954341 Paragraph Paragraph__End\" data-module=\"article-paragraph\">La fusillade a eu lieu dans la commune d&#8217;Anderlecht, en banlieue de Bruxelles, aux alentours de 6h15 ce mercredi matin, juste devant la station Cl\u00e9menceau habituellement tr\u00e8s fr\u00e9quent\u00e9e. Depuis, le quartier est boucl\u00e9. Les forces sp\u00e9ciales sont d\u00e9ploy\u00e9es sur place \u00e0 la recherche des suspects toujours en fuite. Selon les m\u00e9dias belges, la fusillade n&#8217;a fait aucun bless\u00e9. D&#8217;apr\u00e8s les premiers \u00e9l\u00e9ments, la piste terroriste est \u00e9cart\u00e9e.<\/p>\n<\/div>\n","protected":false},"excerpt":{"rendered":"<p>Deux suspects sont activement recherch\u00e9s \u00e0 Bruxelles apr\u00e8s des coups de feu tir\u00e9s ce mercredi matin, \u00e0 l&#8217;arme lourde, devant une station de m\u00e9tro de la banlieue de la capitale belge. Le 13H de TF1 fait le point sur les derni\u00e8res informations. D&#8217;un pas tranquille, deux hommes sortent du m\u00e9tro. Soudainement, au milieu des passants,&#8230;<\/p>\n","protected":false},"author":1,"featured_media":5771,"comment_status":"open","ping_status":"open","sticky":false,"template":"","format":"standard","meta":{"_kad_post_transparent":"default","_kad_post_title":"default","_kad_post_layout":"default","_kad_post_sidebar_id":"","_kad_post_content_style":"default","_kad_post_vertical_padding":"default","_kad_post_feature":"","_kad_post_feature_position":"","_kad_post_header":false,"_kad_post_footer":false,"footnotes":""},"categories":[1],"tags":[],"class_list":["post-5767","post","type-post","status-publish","format-standard","has-post-thumbnail","hentry","category-uncategorized"],"yoast_head":"<!-- This site is optimized with the Yoast SEO plugin v27.0 - https:\/\/yoast.com\/product\/yoast-seo-wordpress\/ -->\n<title>Chasse \u00e0 l&#039;homme \u00e0 Bruxelles : les images des suspects tirant devant le m\u00e9tro avant de s&#039;y engouffrer - VM News<\/title>\n<meta name=\"robots\" content=\"index, follow, max-snippet:-1, max-image-preview:large, max-video-preview:-1\" \/>\n<link rel=\"canonical\" href=\"https:\/\/news-vm.com\/?p=5767\" \/>\n<meta property=\"og:locale\" content=\"en_US\" \/>\n<meta property=\"og:type\" content=\"article\" \/>\n<meta property=\"og:title\" content=\"Chasse \u00e0 l&#039;homme \u00e0 Bruxelles : les images des suspects tirant devant le m\u00e9tro avant de s&#039;y engouffrer - VM News\" \/>\n<meta property=\"og:description\" content=\"Deux suspects sont activement recherch\u00e9s \u00e0 Bruxelles apr\u00e8s des coups de feu tir\u00e9s ce mercredi matin, \u00e0 l&#8217;arme lourde, devant une station de m\u00e9tro de la banlieue de la capitale belge. Le 13H de TF1 fait le point sur les derni\u00e8res informations. D&#8217;un pas tranquille, deux hommes sortent du m\u00e9tro. Soudainement, au milieu des passants,...\" \/>\n<meta property=\"og:url\" content=\"https:\/\/news-vm.com\/?p=5767\" \/>\n<meta property=\"og:site_name\" content=\"VM News\" \/>\n<meta property=\"article:published_time\" content=\"2025-02-05T21:45:33+00:00\" \/>\n<meta property=\"article:modified_time\" content=\"2025-02-05T21:49:54+00:00\" \/>\n<meta property=\"og:image\" content=\"https:\/\/news-vm.com\/wp-content\/uploads\/2025\/02\/capss-1-fe7c70-1@1x.jpeg\" \/>\n\t<meta property=\"og:image:width\" content=\"1280\" \/>\n\t<meta property=\"og:image:height\" content=\"720\" \/>\n\t<meta property=\"og:image:type\" content=\"image\/jpeg\" \/>\n<meta name=\"author\" content=\"vmfavorite\" \/>\n<meta name=\"twitter:card\" content=\"summary_large_image\" \/>\n<meta name=\"twitter:label1\" content=\"Written by\" \/>\n\t<meta name=\"twitter:data1\" content=\"vmfavorite\" \/>\n\t<meta name=\"twitter:label2\" content=\"Est. reading time\" \/>\n\t<meta name=\"twitter:data2\" content=\"1 minute\" \/>\n<script type=\"application\/ld+json\" class=\"yoast-schema-graph\">{\"@context\":\"https:\/\/schema.org\",\"@graph\":[{\"@type\":\"Article\",\"@id\":\"https:\/\/news-vm.com\/?p=5767#article\",\"isPartOf\":{\"@id\":\"https:\/\/news-vm.com\/?p=5767\"},\"author\":{\"name\":\"vmfavorite\",\"@id\":\"https:\/\/news-vm.com\/#\/schema\/person\/a2e30a4c480fba08110aa92dceebedad\"},\"headline\":\"Chasse \u00e0 l&#8217;homme \u00e0 Bruxelles : les images des suspects tirant devant le m\u00e9tro avant de s&#8217;y engouffrer\",\"datePublished\":\"2025-02-05T21:45:33+00:00\",\"dateModified\":\"2025-02-05T21:49:54+00:00\",\"mainEntityOfPage\":{\"@id\":\"https:\/\/news-vm.com\/?p=5767\"},\"wordCount\":238,\"commentCount\":0,\"image\":{\"@id\":\"https:\/\/news-vm.com\/?p=5767#primaryimage\"},\"thumbnailUrl\":\"https:\/\/news-vm.com\/wp-content\/uploads\/2025\/02\/capss-1-fe7c70-1@1x.jpeg\",\"inLanguage\":\"en-US\",\"potentialAction\":[{\"@type\":\"CommentAction\",\"name\":\"Comment\",\"target\":[\"https:\/\/news-vm.com\/?p=5767#respond\"]}]},{\"@type\":\"WebPage\",\"@id\":\"https:\/\/news-vm.com\/?p=5767\",\"url\":\"https:\/\/news-vm.com\/?p=5767\",\"name\":\"Chasse \u00e0 l'homme \u00e0 Bruxelles : les images des suspects tirant devant le m\u00e9tro avant de s'y engouffrer - VM News\",\"isPartOf\":{\"@id\":\"https:\/\/news-vm.com\/#website\"},\"primaryImageOfPage\":{\"@id\":\"https:\/\/news-vm.com\/?p=5767#primaryimage\"},\"image\":{\"@id\":\"https:\/\/news-vm.com\/?p=5767#primaryimage\"},\"thumbnailUrl\":\"https:\/\/news-vm.com\/wp-content\/uploads\/2025\/02\/capss-1-fe7c70-1@1x.jpeg\",\"datePublished\":\"2025-02-05T21:45:33+00:00\",\"dateModified\":\"2025-02-05T21:49:54+00:00\",\"author\":{\"@id\":\"https:\/\/news-vm.com\/#\/schema\/person\/a2e30a4c480fba08110aa92dceebedad\"},\"breadcrumb\":{\"@id\":\"https:\/\/news-vm.com\/?p=5767#breadcrumb\"},\"inLanguage\":\"en-US\",\"potentialAction\":[{\"@type\":\"ReadAction\",\"target\":[\"https:\/\/news-vm.com\/?p=5767\"]}]},{\"@type\":\"ImageObject\",\"inLanguage\":\"en-US\",\"@id\":\"https:\/\/news-vm.com\/?p=5767#primaryimage\",\"url\":\"https:\/\/news-vm.com\/wp-content\/uploads\/2025\/02\/capss-1-fe7c70-1@1x.jpeg\",\"contentUrl\":\"https:\/\/news-vm.com\/wp-content\/uploads\/2025\/02\/capss-1-fe7c70-1@1x.jpeg\",\"width\":1280,\"height\":720},{\"@type\":\"BreadcrumbList\",\"@id\":\"https:\/\/news-vm.com\/?p=5767#breadcrumb\",\"itemListElement\":[{\"@type\":\"ListItem\",\"position\":1,\"name\":\"Home\",\"item\":\"https:\/\/news-vm.com\/\"},{\"@type\":\"ListItem\",\"position\":2,\"name\":\"Chasse \u00e0 l&#8217;homme \u00e0 Bruxelles : les images des suspects tirant devant le m\u00e9tro avant de s&#8217;y engouffrer\"}]},{\"@type\":\"WebSite\",\"@id\":\"https:\/\/news-vm.com\/#website\",\"url\":\"https:\/\/news-vm.com\/\",\"name\":\"VM News\",\"description\":\"\",\"potentialAction\":[{\"@type\":\"SearchAction\",\"target\":{\"@type\":\"EntryPoint\",\"urlTemplate\":\"https:\/\/news-vm.com\/?s={search_term_string}\"},\"query-input\":{\"@type\":\"PropertyValueSpecification\",\"valueRequired\":true,\"valueName\":\"search_term_string\"}}],\"inLanguage\":\"en-US\"},{\"@type\":\"Person\",\"@id\":\"https:\/\/news-vm.com\/#\/schema\/person\/a2e30a4c480fba08110aa92dceebedad\",\"name\":\"vmfavorite\",\"image\":{\"@type\":\"ImageObject\",\"inLanguage\":\"en-US\",\"@id\":\"https:\/\/news-vm.com\/#\/schema\/person\/image\/\",\"url\":\"https:\/\/secure.gravatar.com\/avatar\/25ae7ad0af0818c5b3c7c52f4610bfa26e9985055e4db731befcf55c2fdcfd9b?s=96&d=mm&r=g\",\"contentUrl\":\"https:\/\/secure.gravatar.com\/avatar\/25ae7ad0af0818c5b3c7c52f4610bfa26e9985055e4db731befcf55c2fdcfd9b?s=96&d=mm&r=g\",\"caption\":\"vmfavorite\"},\"sameAs\":[\"https:\/\/news-vm.com\"],\"url\":\"https:\/\/news-vm.com\/?author=1\"}]}<\/script>\n<!-- \/ Yoast SEO plugin. -->","yoast_head_json":{"title":"Chasse \u00e0 l'homme \u00e0 Bruxelles : les images des suspects tirant devant le m\u00e9tro avant de s'y engouffrer - VM News","robots":{"index":"index","follow":"follow","max-snippet":"max-snippet:-1","max-image-preview":"max-image-preview:large","max-video-preview":"max-video-preview:-1"},"canonical":"https:\/\/news-vm.com\/?p=5767","og_locale":"en_US","og_type":"article","og_title":"Chasse \u00e0 l'homme \u00e0 Bruxelles : les images des suspects tirant devant le m\u00e9tro avant de s'y engouffrer - VM News","og_description":"Deux suspects sont activement recherch\u00e9s \u00e0 Bruxelles apr\u00e8s des coups de feu tir\u00e9s ce mercredi matin, \u00e0 l&#8217;arme lourde, devant une station de m\u00e9tro de la banlieue de la capitale belge. Le 13H de TF1 fait le point sur les derni\u00e8res informations. D&#8217;un pas tranquille, deux hommes sortent du m\u00e9tro. Soudainement, au milieu des passants,...","og_url":"https:\/\/news-vm.com\/?p=5767","og_site_name":"VM News","article_published_time":"2025-02-05T21:45:33+00:00","article_modified_time":"2025-02-05T21:49:54+00:00","og_image":[{"width":1280,"height":720,"url":"https:\/\/news-vm.com\/wp-content\/uploads\/2025\/02\/capss-1-fe7c70-1@1x.jpeg","type":"image\/jpeg"}],"author":"vmfavorite","twitter_card":"summary_large_image","twitter_misc":{"Written by":"vmfavorite","Est. reading time":"1 minute"},"schema":{"@context":"https:\/\/schema.org","@graph":[{"@type":"Article","@id":"https:\/\/news-vm.com\/?p=5767#article","isPartOf":{"@id":"https:\/\/news-vm.com\/?p=5767"},"author":{"name":"vmfavorite","@id":"https:\/\/news-vm.com\/#\/schema\/person\/a2e30a4c480fba08110aa92dceebedad"},"headline":"Chasse \u00e0 l&#8217;homme \u00e0 Bruxelles : les images des suspects tirant devant le m\u00e9tro avant de s&#8217;y engouffrer","datePublished":"2025-02-05T21:45:33+00:00","dateModified":"2025-02-05T21:49:54+00:00","mainEntityOfPage":{"@id":"https:\/\/news-vm.com\/?p=5767"},"wordCount":238,"commentCount":0,"image":{"@id":"https:\/\/news-vm.com\/?p=5767#primaryimage"},"thumbnailUrl":"https:\/\/news-vm.com\/wp-content\/uploads\/2025\/02\/capss-1-fe7c70-1@1x.jpeg","inLanguage":"en-US","potentialAction":[{"@type":"CommentAction","name":"Comment","target":["https:\/\/news-vm.com\/?p=5767#respond"]}]},{"@type":"WebPage","@id":"https:\/\/news-vm.com\/?p=5767","url":"https:\/\/news-vm.com\/?p=5767","name":"Chasse \u00e0 l'homme \u00e0 Bruxelles : les images des suspects tirant devant le m\u00e9tro avant de s'y engouffrer - VM News","isPartOf":{"@id":"https:\/\/news-vm.com\/#website"},"primaryImageOfPage":{"@id":"https:\/\/news-vm.com\/?p=5767#primaryimage"},"image":{"@id":"https:\/\/news-vm.com\/?p=5767#primaryimage"},"thumbnailUrl":"https:\/\/news-vm.com\/wp-content\/uploads\/2025\/02\/capss-1-fe7c70-1@1x.jpeg","datePublished":"2025-02-05T21:45:33+00:00","dateModified":"2025-02-05T21:49:54+00:00","author":{"@id":"https:\/\/news-vm.com\/#\/schema\/person\/a2e30a4c480fba08110aa92dceebedad"},"breadcrumb":{"@id":"https:\/\/news-vm.com\/?p=5767#breadcrumb"},"inLanguage":"en-US","potentialAction":[{"@type":"ReadAction","target":["https:\/\/news-vm.com\/?p=5767"]}]},{"@type":"ImageObject","inLanguage":"en-US","@id":"https:\/\/news-vm.com\/?p=5767#primaryimage","url":"https:\/\/news-vm.com\/wp-content\/uploads\/2025\/02\/capss-1-fe7c70-1@1x.jpeg","contentUrl":"https:\/\/news-vm.com\/wp-content\/uploads\/2025\/02\/capss-1-fe7c70-1@1x.jpeg","width":1280,"height":720},{"@type":"BreadcrumbList","@id":"https:\/\/news-vm.com\/?p=5767#breadcrumb","itemListElement":[{"@type":"ListItem","position":1,"name":"Home","item":"https:\/\/news-vm.com\/"},{"@type":"ListItem","position":2,"name":"Chasse \u00e0 l&#8217;homme \u00e0 Bruxelles : les images des suspects tirant devant le m\u00e9tro avant de s&#8217;y engouffrer"}]},{"@type":"WebSite","@id":"https:\/\/news-vm.com\/#website","url":"https:\/\/news-vm.com\/","name":"VM News","description":"","potentialAction":[{"@type":"SearchAction","target":{"@type":"EntryPoint","urlTemplate":"https:\/\/news-vm.com\/?s={search_term_string}"},"query-input":{"@type":"PropertyValueSpecification","valueRequired":true,"valueName":"search_term_string"}}],"inLanguage":"en-US"},{"@type":"Person","@id":"https:\/\/news-vm.com\/#\/schema\/person\/a2e30a4c480fba08110aa92dceebedad","name":"vmfavorite","image":{"@type":"ImageObject","inLanguage":"en-US","@id":"https:\/\/news-vm.com\/#\/schema\/person\/image\/","url":"https:\/\/secure.gravatar.com\/avatar\/25ae7ad0af0818c5b3c7c52f4610bfa26e9985055e4db731befcf55c2fdcfd9b?s=96&d=mm&r=g","contentUrl":"https:\/\/secure.gravatar.com\/avatar\/25ae7ad0af0818c5b3c7c52f4610bfa26e9985055e4db731befcf55c2fdcfd9b?s=96&d=mm&r=g","caption":"vmfavorite"},"sameAs":["https:\/\/news-vm.com"],"url":"https:\/\/news-vm.com\/?author=1"}]}},"_links":{"self":[{"href":"https:\/\/news-vm.com\/index.php?rest_route=\/wp\/v2\/posts\/5767","targetHints":{"allow":["GET"]}}],"collection":[{"href":"https:\/\/news-vm.com\/index.php?rest_route=\/wp\/v2\/posts"}],"about":[{"href":"https:\/\/news-vm.com\/index.php?rest_route=\/wp\/v2\/types\/post"}],"author":[{"embeddable":true,"href":"https:\/\/news-vm.com\/index.php?rest_route=\/wp\/v2\/users\/1"}],"replies":[{"embeddable":true,"href":"https:\/\/news-vm.com\/index.php?rest_route=%2Fwp%2Fv2%2Fcomments&post=5767"}],"version-history":[{"count":2,"href":"https:\/\/news-vm.com\/index.php?rest_route=\/wp\/v2\/posts\/5767\/revisions"}],"predecessor-version":[{"id":5772,"href":"https:\/\/news-vm.com\/index.php?rest_route=\/wp\/v2\/posts\/5767\/revisions\/5772"}],"wp:featuredmedia":[{"embeddable":true,"href":"https:\/\/news-vm.com\/index.php?rest_route=\/wp\/v2\/media\/5771"}],"wp:attachment":[{"href":"https:\/\/news-vm.com\/index.php?rest_route=%2Fwp%2Fv2%2Fmedia&parent=5767"}],"wp:term":[{"taxonomy":"category","embeddable":true,"href":"https:\/\/news-vm.com\/index.php?rest_route=%2Fwp%2Fv2%2Fcategories&post=5767"},{"taxonomy":"post_tag","embeddable":true,"href":"https:\/\/news-vm.com\/index.php?rest_route=%2Fwp%2Fv2%2Ftags&post=5767"}],"curies":[{"name":"wp","href":"https:\/\/api.w.org\/{rel}","templated":true}]}}