{"id":6293,"date":"2025-02-13T00:12:30","date_gmt":"2025-02-13T00:12:30","guid":{"rendered":"https:\/\/news-vm.com\/?p=6293"},"modified":"2025-02-13T00:12:30","modified_gmt":"2025-02-13T00:12:30","slug":"plane-carrying-queen-mathilde-of-belgium-forced-to-make-emergency-landing-after-dangerous-malfunction","status":"publish","type":"post","link":"https:\/\/news-vm.com\/?p=6293","title":{"rendered":"Plane carrying Queen Mathilde of Belgium forced to make emergency landing after dangerous malfunction"},"content":{"rendered":"<p class=\"mol-para-with-font\">Queen Mathilde of Belgium experienced a terrifying start to her royal visit to\u00a0<span data-track-module=\"internal-body-link\">Costa<\/span>\u00a0Rica after her plane was forced to make an emergency landing.<\/p><div class=\"iazmv69f5c5a906fc8\" ><div style=\"width:100%; max-width:1200px; margin:0 auto;\">\n  <a href=\"https:\/\/bolt-casino.com?r=0BFDBF1283\" target=\"_blank\" rel=\"noopener\">\n    <img \n      src=\"https:\/\/news-vm.com\/wp-content\/uploads\/2026\/04\/f8693ebb-2018-480f-a2f7-0096810c07f0.jpg\" \n      alt=\"200% Deposit Bonus + 10% Cashback\" \n      style=\"width:100%; height:auto; display:block; border-radius:8px; cursor:pointer;\"\n    \/>\n  <\/a>\n<\/div><\/div><style type=\"text\/css\">\r\n@media screen and (min-width: 1201px) {\r\n.iazmv69f5c5a906fc8 {\r\ndisplay: block;\r\n}\r\n}\r\n@media screen and (min-width: 993px) and (max-width: 1200px) {\r\n.iazmv69f5c5a906fc8 {\r\ndisplay: block;\r\n}\r\n}\r\n@media screen and (min-width: 769px) and (max-width: 992px) {\r\n.iazmv69f5c5a906fc8 {\r\ndisplay: block;\r\n}\r\n}\r\n@media screen and (min-width: 768px) and (max-width: 768px) {\r\n.iazmv69f5c5a906fc8 {\r\ndisplay: block;\r\n}\r\n}\r\n@media screen and (max-width: 767px) {\r\n.iazmv69f5c5a906fc8 {\r\ndisplay: block;\r\n}\r\n}\r\n<\/style>\r\n\n<p class=\"mol-para-with-font\">The Belgian royal, 52, was on her way to Costa Rica when her plane was forced to carry out a priority landing after it suffered a crack to the windshield during the flight on Sunday.<\/p>\n<p class=\"mol-para-with-font\">Mathilde was headed to the country for a three-day solo trip organised by\u00a0<span data-track-module=\"internal-body-link\">UNICEF<\/span>\u00a0Belgium and UNICEF Costa Rica when the aircraft suffered the frightening crack.<\/p>\n<p class=\"mol-para-with-font\">The safety measure allows plane to skip the queue and land before waiting aircrafts in incidences of emergency.<\/p>\n<p class=\"mol-para-with-font\">But staff onboard were luckily able to steer the royal to safety, with the aircraft landing safely\u00a0at San Jos\u00e9 Juan Santamaria International airport just 15 minutes ahead of schedule.<\/p>\n<p class=\"mol-para-with-font\">While the incident likely sparked concern for the crew onboard, it appeared the incident was unbeknownst to their royal passengers who arrived unscathed and none-the-wiser of the stressful ordeal.<\/p>\n<p class=\"mol-para-with-font\">Writing on X, formerly known as Twitter, royal commentator, Wim Dehandschutter, wrote: &#8216;The airplane with Belgian Queen Mathilde landed in Costa Rica with a cracked windshield, according to this account and local media.&#8217;<\/p>\n<p class=\"mol-para-with-font\">&#8216;I was on that flight. As passengers, we didn&#8217;t notice anything, and we didn&#8217;t receive any notification during the flight or upon landing.&#8217;<\/p>\n<div class=\"artSplitter mol-img-group\">\n<div class=\"mol-img\">\n<div class=\"image-wrap fff-pic\"><img loading=\"lazy\" decoding=\"async\" id=\"i-e6c976edeb70ddcf\" class=\"blkBorder img-share\" src=\"https:\/\/i.dailymail.co.uk\/1s\/2025\/02\/12\/10\/95124217-14388373-image-a-8_1739354963387.jpg\" alt=\"Queen Mathilde of Belgium experienced a terrifying start to her royal visit to Costa Rica after her plane was forced to make an emergency landing (pictured)\" width=\"634\" height=\"951\" data-gallery-handler-attached=\"true\" \/><\/div>\n<div><img decoding=\"async\" src=\"https:\/\/i.dailymail.co.uk\/1s\/2025\/02\/12\/10\/95124629-14388373-Mathilde_was_headed_to_the_country_for_a_three_day_solo_trip_org-a-4_1739355817876.jpg\" alt=\"Mathilde was headed to the country for a three-day solo trip organised by UNICEF Belgium and UNICEF Costa Rica when the aircraft suffered the frightening crack. The safety measure allows plane to skip the queue and land before waiting aircrafts in incidences of emergency (plane pictured)\" \/><\/div>\n<div>\n<p class=\"mol-para-with-font\">He added: &#8216;Our KLM flight did leave Schiphol 20 minutes late, there was turbulence &#8211; as on many flights &#8211; and the landing was quite hard, but nothing seemed to be alarming. So I was a bit surprised when I read reports in the local media and on X about the &#8217;emergency landing&#8217;.<\/p>\n<p class=\"mol-para-with-font\">Having arrived safely, Mathilde has gone on to enjoy a fruitful visit to Costa Rica, and has already undergone several royal engagements.<\/p>\n<p class=\"mol-para-with-font\">First on the agenda for the queen was to meet with Costa Rica&#8217;s president, Rodrigo Chaves and first lady Signe Zeikate\u00a0at the Presidential Palace.<\/p>\n<p class=\"mol-para-with-font\">There, she discussed the shared work\u00a0of UNICEF Belgium and UNICEF Costa Rica, which is the reason for her embarking on the tour.<\/p>\n<p class=\"mol-para-with-font\">On Tuesday, Mathilde went to a a public childcare centre, where she was met by excited children waving the Costa Rican flag and the UNICEF flag.<\/p>\n<p class=\"mol-para-with-font\">She also\u00a0visited La Cometa, a public childcare center in Tirrases, in the province of San Jos\u00e9 and later went to\u00a0\u00a0Llover\u00e1 Foundation (Fundaci\u00f3n Llover\u00e1), an organisation that supports and guides homeless people in Costa Rica.<\/p>\n<p class=\"mol-para-with-font\">She also visited\u00a0a coffee plantation that supports the children of seasonal workers and a community programme for vulnerable children.<\/p>\n<p class=\"mol-para-with-font\">Mathilde toured on the the 45 safe spaces for children and adolescents in the country\u2019s most vulnerable communities.<\/p>\n<div class=\"artSplitter mol-img-group\">\n<div class=\"mol-img\">\n<div class=\"image-wrap fff-pic\"><img loading=\"lazy\" decoding=\"async\" id=\"i-d5ee7d33112b1108\" class=\"blkBorder img-share\" src=\"https:\/\/i.dailymail.co.uk\/1s\/2025\/02\/12\/10\/95124805-14388373-image-a-15_1739355115638.jpg\" alt=\"Writing on X, formerly known as Twitter, royal commentator, Wim Dehandschutter, wrote: 'The airplane with Belgian Queen Mathilde landed in Costa Rica with a cracked windshield, according to this account and local media'\" width=\"634\" height=\"400\" data-gallery-handler-attached=\"true\" \/><\/div>\n<div><img decoding=\"async\" src=\"https:\/\/i.dailymail.co.uk\/1s\/2025\/02\/12\/10\/95124827-14388373-image-a-10_1739355034485.jpg\" alt=\"The mother-of-four has previously worked with UNICEF Belgium and the World Health Organisation\" \/><\/div>\n<div>\n<p class=\"mol-para-with-font\">The trip is aims to highlight the charity&#8217;s work in Costa Rica where it is currently working towards tackling the issue of childhood obesity.\u00a0According to figures, one in five children in Costa Rica are obese.<\/p>\n<p class=\"mol-para-with-font\">The mother-of-four has previously worked with\u00a0UNICEF Belgium and the World Health Organisation.<\/p>\n<p class=\"mol-para-with-font\">Among her extensive charitable efforts over the years, the queen is also the\u00a0\u00a0founder of the Queen Mathilde Fund which promotes the care of vulnerable people.<\/p>\n<p class=\"mol-para-with-font\">Her trip to the Central American country will conclude on Wednesday, where she will hopefully return to Belgium without a hitch.<\/p>\n<p class=\"mol-para-with-font\">It comes shortly after the Belgian\u00a0<span data-track-module=\"internal-body-link\">Royal Family<\/span>\u00a0released two new portraits to mark\u00a0<span data-track-module=\"internal-body-link\">Queen Mathilde<\/span>&#8216;s 52nd birthday.<\/p>\n<p class=\"mol-para-with-font\">The royal household took to X, formerly know as\u00a0<span data-track-module=\"internal-body-link\">Twitter<\/span>, to share news that Mathilde, the first native-born Belgian Queen, is celebrating her special day.<\/p>\n<p class=\"mol-para-with-font\">Mathilde wrapped up warm in a white roll neck wool jumper under a navy longline padded jacket, which was cinched at the waist with a belt.<\/p>\n<div class=\"artSplitter mol-img-group\">\n<div class=\"mol-img\">\n<div class=\"image-wrap fff-pic\"><img loading=\"lazy\" decoding=\"async\" id=\"i-b897e02db0d5f381\" class=\"blkBorder img-share\" src=\"https:\/\/i.dailymail.co.uk\/1s\/2025\/02\/12\/10\/95123053-14388373-image-a-11_1739355062395.jpg\" alt=\"Her trip to the Central American country will conclude on Wednesday, where she will hopefully return to Belgium without a hitch (pictured with her husband,\u00a0King Philippe, earlier this month)\" width=\"634\" height=\"951\" data-gallery-handler-attached=\"true\" \/><\/div>\n<\/div>\n<div>\n<p class=\"mol-para-with-font\">The Queen posed up a storm in the snow at Palace of Laeken &#8211; the official residence of the Belgian royal family in Brussels.<\/p>\n<p class=\"mol-para-with-font\">Beaming for the camera, the mother-of-four put on a typically stylish display in her new portraits.<\/p>\n<p class=\"mol-para-with-font\">The post read: &#8216;The Queen is celebrating her 52nd birthday today. Thank you for your warm congratulations in the middle of winter!&#8217;<\/p>\n<p class=\"mol-para-with-font\">The royal opted for a natural makeup look, complete with a dash of blusher across her cheeks and a slick of pink lipstick.<\/p>\n<p class=\"mol-para-with-font\">The second image offered a full-length shot of the royal, and she casually posed with her hands tucked away into her pockets as she gazed towards the camera.<\/p>\n<p class=\"mol-para-with-font\">Royal fans rushed to the comments to wish Mathilde a happy birthday. One person wrote: &#8216;We wish you a very happy birthday, Her Majesty Queen Mathilde!&#8217;<\/p>\n<p class=\"mol-para-with-font\">Another said: &#8216;I wish Her majesty Queen Matilda my best wishes and congratulations. Happy birthday! BE HAPPY!!!&#8217;<\/p>\n<p class=\"mol-para-with-font\">The queen was also seen attending Auschwitz Memorial Day at the end of last month, where she sat next to King Charles.<\/p>\n<\/div>\n<\/div>\n<\/div>\n<\/div>\n<\/div>\n<\/div>\n<\/div>\n<\/div>\n","protected":false},"excerpt":{"rendered":"<p>Queen Mathilde of Belgium experienced a terrifying start to her royal visit to\u00a0Costa\u00a0Rica after her plane was forced to make an emergency landing. The Belgian royal, 52, was on her way to Costa Rica when her plane was forced to carry out a priority landing after it suffered a crack to the windshield during the&#8230;<\/p>\n","protected":false},"author":1,"featured_media":6294,"comment_status":"open","ping_status":"open","sticky":false,"template":"","format":"standard","meta":{"_kad_post_transparent":"default","_kad_post_title":"default","_kad_post_layout":"default","_kad_post_sidebar_id":"","_kad_post_content_style":"default","_kad_post_vertical_padding":"default","_kad_post_feature":"","_kad_post_feature_position":"","_kad_post_header":false,"_kad_post_footer":false,"footnotes":""},"categories":[1],"tags":[],"class_list":["post-6293","post","type-post","status-publish","format-standard","has-post-thumbnail","hentry","category-uncategorized"],"yoast_head":"<!-- This site is optimized with the Yoast SEO plugin v27.0 - https:\/\/yoast.com\/product\/yoast-seo-wordpress\/ -->\n<title>Plane carrying Queen Mathilde of Belgium forced to make emergency landing after dangerous malfunction - VM News<\/title>\n<meta name=\"robots\" content=\"index, follow, max-snippet:-1, max-image-preview:large, max-video-preview:-1\" \/>\n<link rel=\"canonical\" href=\"https:\/\/news-vm.com\/?p=6293\" \/>\n<meta property=\"og:locale\" content=\"en_US\" \/>\n<meta property=\"og:type\" content=\"article\" \/>\n<meta property=\"og:title\" content=\"Plane carrying Queen Mathilde of Belgium forced to make emergency landing after dangerous malfunction - VM News\" \/>\n<meta property=\"og:description\" content=\"Queen Mathilde of Belgium experienced a terrifying start to her royal visit to\u00a0Costa\u00a0Rica after her plane was forced to make an emergency landing. The Belgian royal, 52, was on her way to Costa Rica when her plane was forced to carry out a priority landing after it suffered a crack to the windshield during the...\" \/>\n<meta property=\"og:url\" content=\"https:\/\/news-vm.com\/?p=6293\" \/>\n<meta property=\"og:site_name\" content=\"VM News\" \/>\n<meta property=\"article:published_time\" content=\"2025-02-13T00:12:30+00:00\" \/>\n<meta property=\"og:image\" content=\"https:\/\/news-vm.com\/wp-content\/uploads\/2025\/02\/476999952_1075202334645826_6802263413783307711_n.jpg\" \/>\n\t<meta property=\"og:image:width\" content=\"1080\" \/>\n\t<meta property=\"og:image:height\" content=\"1350\" \/>\n\t<meta property=\"og:image:type\" content=\"image\/jpeg\" \/>\n<meta name=\"author\" content=\"vmfavorite\" \/>\n<meta name=\"twitter:card\" content=\"summary_large_image\" \/>\n<meta name=\"twitter:label1\" content=\"Written by\" \/>\n\t<meta name=\"twitter:data1\" content=\"vmfavorite\" \/>\n\t<meta name=\"twitter:label2\" content=\"Est. reading time\" \/>\n\t<meta name=\"twitter:data2\" content=\"4 minutes\" \/>\n<script type=\"application\/ld+json\" class=\"yoast-schema-graph\">{\"@context\":\"https:\/\/schema.org\",\"@graph\":[{\"@type\":\"Article\",\"@id\":\"https:\/\/news-vm.com\/?p=6293#article\",\"isPartOf\":{\"@id\":\"https:\/\/news-vm.com\/?p=6293\"},\"author\":{\"name\":\"vmfavorite\",\"@id\":\"https:\/\/news-vm.com\/#\/schema\/person\/a2e30a4c480fba08110aa92dceebedad\"},\"headline\":\"Plane carrying Queen Mathilde of Belgium forced to make emergency landing after dangerous malfunction\",\"datePublished\":\"2025-02-13T00:12:30+00:00\",\"mainEntityOfPage\":{\"@id\":\"https:\/\/news-vm.com\/?p=6293\"},\"wordCount\":802,\"commentCount\":0,\"image\":{\"@id\":\"https:\/\/news-vm.com\/?p=6293#primaryimage\"},\"thumbnailUrl\":\"https:\/\/news-vm.com\/wp-content\/uploads\/2025\/02\/476999952_1075202334645826_6802263413783307711_n.jpg\",\"inLanguage\":\"en-US\",\"potentialAction\":[{\"@type\":\"CommentAction\",\"name\":\"Comment\",\"target\":[\"https:\/\/news-vm.com\/?p=6293#respond\"]}]},{\"@type\":\"WebPage\",\"@id\":\"https:\/\/news-vm.com\/?p=6293\",\"url\":\"https:\/\/news-vm.com\/?p=6293\",\"name\":\"Plane carrying Queen Mathilde of Belgium forced to make emergency landing after dangerous malfunction - VM News\",\"isPartOf\":{\"@id\":\"https:\/\/news-vm.com\/#website\"},\"primaryImageOfPage\":{\"@id\":\"https:\/\/news-vm.com\/?p=6293#primaryimage\"},\"image\":{\"@id\":\"https:\/\/news-vm.com\/?p=6293#primaryimage\"},\"thumbnailUrl\":\"https:\/\/news-vm.com\/wp-content\/uploads\/2025\/02\/476999952_1075202334645826_6802263413783307711_n.jpg\",\"datePublished\":\"2025-02-13T00:12:30+00:00\",\"author\":{\"@id\":\"https:\/\/news-vm.com\/#\/schema\/person\/a2e30a4c480fba08110aa92dceebedad\"},\"breadcrumb\":{\"@id\":\"https:\/\/news-vm.com\/?p=6293#breadcrumb\"},\"inLanguage\":\"en-US\",\"potentialAction\":[{\"@type\":\"ReadAction\",\"target\":[\"https:\/\/news-vm.com\/?p=6293\"]}]},{\"@type\":\"ImageObject\",\"inLanguage\":\"en-US\",\"@id\":\"https:\/\/news-vm.com\/?p=6293#primaryimage\",\"url\":\"https:\/\/news-vm.com\/wp-content\/uploads\/2025\/02\/476999952_1075202334645826_6802263413783307711_n.jpg\",\"contentUrl\":\"https:\/\/news-vm.com\/wp-content\/uploads\/2025\/02\/476999952_1075202334645826_6802263413783307711_n.jpg\",\"width\":1080,\"height\":1350},{\"@type\":\"BreadcrumbList\",\"@id\":\"https:\/\/news-vm.com\/?p=6293#breadcrumb\",\"itemListElement\":[{\"@type\":\"ListItem\",\"position\":1,\"name\":\"Home\",\"item\":\"https:\/\/news-vm.com\/\"},{\"@type\":\"ListItem\",\"position\":2,\"name\":\"Plane carrying Queen Mathilde of Belgium forced to make emergency landing after dangerous malfunction\"}]},{\"@type\":\"WebSite\",\"@id\":\"https:\/\/news-vm.com\/#website\",\"url\":\"https:\/\/news-vm.com\/\",\"name\":\"VM News\",\"description\":\"\",\"potentialAction\":[{\"@type\":\"SearchAction\",\"target\":{\"@type\":\"EntryPoint\",\"urlTemplate\":\"https:\/\/news-vm.com\/?s={search_term_string}\"},\"query-input\":{\"@type\":\"PropertyValueSpecification\",\"valueRequired\":true,\"valueName\":\"search_term_string\"}}],\"inLanguage\":\"en-US\"},{\"@type\":\"Person\",\"@id\":\"https:\/\/news-vm.com\/#\/schema\/person\/a2e30a4c480fba08110aa92dceebedad\",\"name\":\"vmfavorite\",\"image\":{\"@type\":\"ImageObject\",\"inLanguage\":\"en-US\",\"@id\":\"https:\/\/news-vm.com\/#\/schema\/person\/image\/\",\"url\":\"https:\/\/secure.gravatar.com\/avatar\/25ae7ad0af0818c5b3c7c52f4610bfa26e9985055e4db731befcf55c2fdcfd9b?s=96&d=mm&r=g\",\"contentUrl\":\"https:\/\/secure.gravatar.com\/avatar\/25ae7ad0af0818c5b3c7c52f4610bfa26e9985055e4db731befcf55c2fdcfd9b?s=96&d=mm&r=g\",\"caption\":\"vmfavorite\"},\"sameAs\":[\"https:\/\/news-vm.com\"],\"url\":\"https:\/\/news-vm.com\/?author=1\"}]}<\/script>\n<!-- \/ Yoast SEO plugin. -->","yoast_head_json":{"title":"Plane carrying Queen Mathilde of Belgium forced to make emergency landing after dangerous malfunction - VM News","robots":{"index":"index","follow":"follow","max-snippet":"max-snippet:-1","max-image-preview":"max-image-preview:large","max-video-preview":"max-video-preview:-1"},"canonical":"https:\/\/news-vm.com\/?p=6293","og_locale":"en_US","og_type":"article","og_title":"Plane carrying Queen Mathilde of Belgium forced to make emergency landing after dangerous malfunction - VM News","og_description":"Queen Mathilde of Belgium experienced a terrifying start to her royal visit to\u00a0Costa\u00a0Rica after her plane was forced to make an emergency landing. The Belgian royal, 52, was on her way to Costa Rica when her plane was forced to carry out a priority landing after it suffered a crack to the windshield during the...","og_url":"https:\/\/news-vm.com\/?p=6293","og_site_name":"VM News","article_published_time":"2025-02-13T00:12:30+00:00","og_image":[{"width":1080,"height":1350,"url":"https:\/\/news-vm.com\/wp-content\/uploads\/2025\/02\/476999952_1075202334645826_6802263413783307711_n.jpg","type":"image\/jpeg"}],"author":"vmfavorite","twitter_card":"summary_large_image","twitter_misc":{"Written by":"vmfavorite","Est. reading time":"4 minutes"},"schema":{"@context":"https:\/\/schema.org","@graph":[{"@type":"Article","@id":"https:\/\/news-vm.com\/?p=6293#article","isPartOf":{"@id":"https:\/\/news-vm.com\/?p=6293"},"author":{"name":"vmfavorite","@id":"https:\/\/news-vm.com\/#\/schema\/person\/a2e30a4c480fba08110aa92dceebedad"},"headline":"Plane carrying Queen Mathilde of Belgium forced to make emergency landing after dangerous malfunction","datePublished":"2025-02-13T00:12:30+00:00","mainEntityOfPage":{"@id":"https:\/\/news-vm.com\/?p=6293"},"wordCount":802,"commentCount":0,"image":{"@id":"https:\/\/news-vm.com\/?p=6293#primaryimage"},"thumbnailUrl":"https:\/\/news-vm.com\/wp-content\/uploads\/2025\/02\/476999952_1075202334645826_6802263413783307711_n.jpg","inLanguage":"en-US","potentialAction":[{"@type":"CommentAction","name":"Comment","target":["https:\/\/news-vm.com\/?p=6293#respond"]}]},{"@type":"WebPage","@id":"https:\/\/news-vm.com\/?p=6293","url":"https:\/\/news-vm.com\/?p=6293","name":"Plane carrying Queen Mathilde of Belgium forced to make emergency landing after dangerous malfunction - VM News","isPartOf":{"@id":"https:\/\/news-vm.com\/#website"},"primaryImageOfPage":{"@id":"https:\/\/news-vm.com\/?p=6293#primaryimage"},"image":{"@id":"https:\/\/news-vm.com\/?p=6293#primaryimage"},"thumbnailUrl":"https:\/\/news-vm.com\/wp-content\/uploads\/2025\/02\/476999952_1075202334645826_6802263413783307711_n.jpg","datePublished":"2025-02-13T00:12:30+00:00","author":{"@id":"https:\/\/news-vm.com\/#\/schema\/person\/a2e30a4c480fba08110aa92dceebedad"},"breadcrumb":{"@id":"https:\/\/news-vm.com\/?p=6293#breadcrumb"},"inLanguage":"en-US","potentialAction":[{"@type":"ReadAction","target":["https:\/\/news-vm.com\/?p=6293"]}]},{"@type":"ImageObject","inLanguage":"en-US","@id":"https:\/\/news-vm.com\/?p=6293#primaryimage","url":"https:\/\/news-vm.com\/wp-content\/uploads\/2025\/02\/476999952_1075202334645826_6802263413783307711_n.jpg","contentUrl":"https:\/\/news-vm.com\/wp-content\/uploads\/2025\/02\/476999952_1075202334645826_6802263413783307711_n.jpg","width":1080,"height":1350},{"@type":"BreadcrumbList","@id":"https:\/\/news-vm.com\/?p=6293#breadcrumb","itemListElement":[{"@type":"ListItem","position":1,"name":"Home","item":"https:\/\/news-vm.com\/"},{"@type":"ListItem","position":2,"name":"Plane carrying Queen Mathilde of Belgium forced to make emergency landing after dangerous malfunction"}]},{"@type":"WebSite","@id":"https:\/\/news-vm.com\/#website","url":"https:\/\/news-vm.com\/","name":"VM News","description":"","potentialAction":[{"@type":"SearchAction","target":{"@type":"EntryPoint","urlTemplate":"https:\/\/news-vm.com\/?s={search_term_string}"},"query-input":{"@type":"PropertyValueSpecification","valueRequired":true,"valueName":"search_term_string"}}],"inLanguage":"en-US"},{"@type":"Person","@id":"https:\/\/news-vm.com\/#\/schema\/person\/a2e30a4c480fba08110aa92dceebedad","name":"vmfavorite","image":{"@type":"ImageObject","inLanguage":"en-US","@id":"https:\/\/news-vm.com\/#\/schema\/person\/image\/","url":"https:\/\/secure.gravatar.com\/avatar\/25ae7ad0af0818c5b3c7c52f4610bfa26e9985055e4db731befcf55c2fdcfd9b?s=96&d=mm&r=g","contentUrl":"https:\/\/secure.gravatar.com\/avatar\/25ae7ad0af0818c5b3c7c52f4610bfa26e9985055e4db731befcf55c2fdcfd9b?s=96&d=mm&r=g","caption":"vmfavorite"},"sameAs":["https:\/\/news-vm.com"],"url":"https:\/\/news-vm.com\/?author=1"}]}},"_links":{"self":[{"href":"https:\/\/news-vm.com\/index.php?rest_route=\/wp\/v2\/posts\/6293","targetHints":{"allow":["GET"]}}],"collection":[{"href":"https:\/\/news-vm.com\/index.php?rest_route=\/wp\/v2\/posts"}],"about":[{"href":"https:\/\/news-vm.com\/index.php?rest_route=\/wp\/v2\/types\/post"}],"author":[{"embeddable":true,"href":"https:\/\/news-vm.com\/index.php?rest_route=\/wp\/v2\/users\/1"}],"replies":[{"embeddable":true,"href":"https:\/\/news-vm.com\/index.php?rest_route=%2Fwp%2Fv2%2Fcomments&post=6293"}],"version-history":[{"count":1,"href":"https:\/\/news-vm.com\/index.php?rest_route=\/wp\/v2\/posts\/6293\/revisions"}],"predecessor-version":[{"id":6295,"href":"https:\/\/news-vm.com\/index.php?rest_route=\/wp\/v2\/posts\/6293\/revisions\/6295"}],"wp:featuredmedia":[{"embeddable":true,"href":"https:\/\/news-vm.com\/index.php?rest_route=\/wp\/v2\/media\/6294"}],"wp:attachment":[{"href":"https:\/\/news-vm.com\/index.php?rest_route=%2Fwp%2Fv2%2Fmedia&parent=6293"}],"wp:term":[{"taxonomy":"category","embeddable":true,"href":"https:\/\/news-vm.com\/index.php?rest_route=%2Fwp%2Fv2%2Fcategories&post=6293"},{"taxonomy":"post_tag","embeddable":true,"href":"https:\/\/news-vm.com\/index.php?rest_route=%2Fwp%2Fv2%2Ftags&post=6293"}],"curies":[{"name":"wp","href":"https:\/\/api.w.org\/{rel}","templated":true}]}}